{"id":9,"date":"2002-01-01T23:57:57","date_gmt":"2002-01-01T21:57:57","guid":{"rendered":"http:\/\/www.goethe.klausdapp.de\/wordpress\/?p=9"},"modified":"2015-01-25T21:43:11","modified_gmt":"2015-01-25T19:43:11","slug":"wie-alles-begann","status":"publish","type":"post","link":"http:\/\/www.goethe.klausdapp.de\/wordpress\/?p=9","title":{"rendered":"Wie alles begann&#8230;"},"content":{"rendered":"<p>Nach drei Jahren im Souterrain, so die freundliche Umschreibung von Keller, war klar, ich brauche eine neue Wohnung. An diesen Beschluss schloss sich eine kurze aber intensive Zeit des Nachdenkens \u00fcber die Frage an, ob ich einen Kauf einer Wohnung wagen solle und den auch noch in Darmstadt oder in einer anderen Stadt. Nachdem diese Frage auch noch entschieden war \u2013 und dies nach vielen langen Diskussionen mit Freunden und meinen Eltern ging die Suche los. Den Mietwohnungsmarkt in Darmstadt in den 1990er Jahren fand ich schon schlimm. Schon damals wurden irgendwelche Besenkammer f\u00fcr viel Geld vermietet. D\u00e4mmung, aktuelle Elektroanlagen oder gar ein Trockenraum oder eine vern\u00fcnftige Fahrradabstellanlage galten als Luxus &#8230; es ist seitdem nicht viel besser geworden.<\/p>\n<p>Aber der Kauf einer Wohnung war nach meiner Auffassung noch schwieriger. Diese Entscheidung l\u00e4sst sich nicht so einfach r\u00fcckg\u00e4ngig machen. In den Jahren 2002 und 2003 habe ich deshalb Darmstadt in vielen Teilen neu entdeckt. Spannend waren auch die Begegnungen mit dem Berufsstand des Wohnungsmaklers. Zum Teil hatte ich den Eindruck, diese Menschen glauben wirklich, was sie einem da so erz\u00e4hlen. Aber einem solchen Erlebnis habe ich meine jetzige Wohnung zu verdanken. Bei der Besichtigung einer angeblich sehr ruhige Wohnung (f\u00fcr Darmst\u00e4dterInnen: an der Heidelberger Stra\u00dfe gegen\u00fcber dem Prinz-Emil-Garten) bin ich endlich einmal meinen ganzen \u00c4rger von zwei Jahren losgeworden. Die \u201eRuhe\u201c in dieser total verbauten Wohnung wurde nicht nur durch das durchdringende Quietschen eines Doppelparkers, einer Hebeb\u00fchne um zwei Autos an einem Platz stellen k\u00f6nnen, getr\u00fcbt. Beim Vorbeifahren der Stra\u00dfenbahn klapperten die verzogenen und undichten Fenster und \u00fcbert\u00f6nten das Radio der dar\u00fcber liegenden Wohnung. Meine Wortwahl gegen\u00fcber dem Makler war wohl nicht wirklich h\u00f6flich. In meinem Zorn bin ich auf der R\u00fcckfahrt dann noch falsch abgebogen &#8230; und sah zuf\u00e4llig, wie auf dem Grundst\u00fcck Goethestra\u00dfe 20a (Goethestra\u00dfe \/ Ecke Eichbergweg) ein Bauschild aufgestellt wurde. Ich habe die Nummer aufgeschrieben, dort angerufen und f\u00fcr den n\u00e4chsten Tag einen Termin bei der Nassauischen Heimst\u00e4tte gemacht.<\/p>\n","protected":false},"excerpt":{"rendered":"<p>Nach drei Jahren im Souterrain, so die freundliche Umschreibung von Keller, war klar, ich brauche eine neue Wohnung. An diesen Beschluss schloss sich eine kurze aber intensive Zeit des Nachdenkens \u00fcber die Frage an, ob ich einen Kauf einer Wohnung wagen solle und den auch noch in Darmstadt oder in einer anderen Stadt. Nachdem diese [&hellip;]<\/p>\n","protected":false},"author":1,"featured_media":18,"comment_status":"open","ping_status":"open","sticky":false,"template":"","format":"standard","meta":{"footnotes":""},"categories":[3],"tags":[],"class_list":["post-9","post","type-post","status-publish","format-standard","has-post-thumbnail","hentry","category-idee-und-planung"],"_links":{"self":[{"href":"http:\/\/www.goethe.klausdapp.de\/wordpress\/index.php?rest_route=\/wp\/v2\/posts\/9","targetHints":{"allow":["GET"]}}],"collection":[{"href":"http:\/\/www.goethe.klausdapp.de\/wordpress\/index.php?rest_route=\/wp\/v2\/posts"}],"about":[{"href":"http:\/\/www.goethe.klausdapp.de\/wordpress\/index.php?rest_route=\/wp\/v2\/types\/post"}],"author":[{"embeddable":true,"href":"http:\/\/www.goethe.klausdapp.de\/wordpress\/index.php?rest_route=\/wp\/v2\/users\/1"}],"replies":[{"embeddable":true,"href":"http:\/\/www.goethe.klausdapp.de\/wordpress\/index.php?rest_route=%2Fwp%2Fv2%2Fcomments&post=9"}],"version-history":[{"count":8,"href":"http:\/\/www.goethe.klausdapp.de\/wordpress\/index.php?rest_route=\/wp\/v2\/posts\/9\/revisions"}],"predecessor-version":[{"id":36,"href":"http:\/\/www.goethe.klausdapp.de\/wordpress\/index.php?rest_route=\/wp\/v2\/posts\/9\/revisions\/36"}],"wp:featuredmedia":[{"embeddable":true,"href":"http:\/\/www.goethe.klausdapp.de\/wordpress\/index.php?rest_route=\/wp\/v2\/media\/18"}],"wp:attachment":[{"href":"http:\/\/www.goethe.klausdapp.de\/wordpress\/index.php?rest_route=%2Fwp%2Fv2%2Fmedia&parent=9"}],"wp:term":[{"taxonomy":"category","embeddable":true,"href":"http:\/\/www.goethe.klausdapp.de\/wordpress\/index.php?rest_route=%2Fwp%2Fv2%2Fcategories&post=9"},{"taxonomy":"post_tag","embeddable":true,"href":"http:\/\/www.goethe.klausdapp.de\/wordpress\/index.php?rest_route=%2Fwp%2Fv2%2Ftags&post=9"}],"curies":[{"name":"wp","href":"https:\/\/api.w.org\/{rel}","templated":true}]}}