{"id":49,"date":"2007-04-17T22:12:38","date_gmt":"2007-04-17T20:12:38","guid":{"rendered":"http:\/\/www.goethe.klausdapp.de\/wordpress\/?p=49"},"modified":"2015-01-25T22:17:41","modified_gmt":"2015-01-25T20:17:41","slug":"neuanstrich-des-dachgeschosses","status":"publish","type":"post","link":"http:\/\/www.goethe.klausdapp.de\/wordpress\/?p=49","title":{"rendered":"Neuanstrich des Dachgeschosses"},"content":{"rendered":"<p>So sch\u00f6n der rote Anstrich im Dachgeschoss war &#8230; leider ist er nach weniger als zwei Jahren auf der West- und S\u00fcdseite schon v\u00f6llig ausgeblichen. Zum Gl\u00fcck hat die Nassauische Heimst\u00e4tte den Mangel akzeptiert &#8230; es war allerdingt auch ziemlich eindeutig, dass das rot nicht mehr rot war.<\/p>\n<p>F\u00fcr mich bedeutete das, dass ich alle Blumenk\u00fcber auf die Seite r\u00e4umen musste&#8230; zum Gl\u00fcck nur f\u00fcr zwei Tage. Den Blumen hat das zum Gl\u00fcck Nichts gemacht und die Malerfirma hat sich auch ernsthaft M\u00fche gegeben, dass es diesmal wirklich ordentlich aussieht.<\/p>\n","protected":false},"excerpt":{"rendered":"<p>So sch\u00f6n der rote Anstrich im Dachgeschoss war &#8230; leider ist er nach weniger als zwei Jahren auf der West- und S\u00fcdseite schon v\u00f6llig ausgeblichen. Zum Gl\u00fcck hat die Nassauische Heimst\u00e4tte den Mangel akzeptiert &#8230; es war allerdingt auch ziemlich eindeutig, dass das rot nicht mehr rot war. F\u00fcr mich bedeutete das, dass ich alle [&hellip;]<\/p>\n","protected":false},"author":1,"featured_media":50,"comment_status":"closed","ping_status":"open","sticky":false,"template":"","format":"standard","meta":{"footnotes":""},"categories":[7,5],"tags":[],"class_list":["post-49","post","type-post","status-publish","format-standard","has-post-thumbnail","hentry","category-bauphase","category-impressionen"],"_links":{"self":[{"href":"http:\/\/www.goethe.klausdapp.de\/wordpress\/index.php?rest_route=\/wp\/v2\/posts\/49","targetHints":{"allow":["GET"]}}],"collection":[{"href":"http:\/\/www.goethe.klausdapp.de\/wordpress\/index.php?rest_route=\/wp\/v2\/posts"}],"about":[{"href":"http:\/\/www.goethe.klausdapp.de\/wordpress\/index.php?rest_route=\/wp\/v2\/types\/post"}],"author":[{"embeddable":true,"href":"http:\/\/www.goethe.klausdapp.de\/wordpress\/index.php?rest_route=\/wp\/v2\/users\/1"}],"replies":[{"embeddable":true,"href":"http:\/\/www.goethe.klausdapp.de\/wordpress\/index.php?rest_route=%2Fwp%2Fv2%2Fcomments&post=49"}],"version-history":[{"count":1,"href":"http:\/\/www.goethe.klausdapp.de\/wordpress\/index.php?rest_route=\/wp\/v2\/posts\/49\/revisions"}],"predecessor-version":[{"id":51,"href":"http:\/\/www.goethe.klausdapp.de\/wordpress\/index.php?rest_route=\/wp\/v2\/posts\/49\/revisions\/51"}],"wp:featuredmedia":[{"embeddable":true,"href":"http:\/\/www.goethe.klausdapp.de\/wordpress\/index.php?rest_route=\/wp\/v2\/media\/50"}],"wp:attachment":[{"href":"http:\/\/www.goethe.klausdapp.de\/wordpress\/index.php?rest_route=%2Fwp%2Fv2%2Fmedia&parent=49"}],"wp:term":[{"taxonomy":"category","embeddable":true,"href":"http:\/\/www.goethe.klausdapp.de\/wordpress\/index.php?rest_route=%2Fwp%2Fv2%2Fcategories&post=49"},{"taxonomy":"post_tag","embeddable":true,"href":"http:\/\/www.goethe.klausdapp.de\/wordpress\/index.php?rest_route=%2Fwp%2Fv2%2Ftags&post=49"}],"curies":[{"name":"wp","href":"https:\/\/api.w.org\/{rel}","templated":true}]}}