{"id":46,"date":"2007-08-10T22:03:21","date_gmt":"2007-08-10T20:03:21","guid":{"rendered":"http:\/\/www.goethe.klausdapp.de\/wordpress\/?p=46"},"modified":"2015-03-11T21:13:49","modified_gmt":"2015-03-11T19:13:49","slug":"feigen-aus-bessungen","status":"publish","type":"post","link":"http:\/\/www.goethe.klausdapp.de\/wordpress\/?p=46","title":{"rendered":"Feigen aus Bessungen"},"content":{"rendered":"<div id=\"attachment_47\" style=\"width: 635px\" class=\"wp-caption alignnone\"><a href=\"http:\/\/www.goethe.klausdapp.de\/wordpress\/wp-content\/uploads\/2015\/01\/2007-08-10-001.jpg\"><img loading=\"lazy\" decoding=\"async\" aria-describedby=\"caption-attachment-47\" class=\"size-large wp-image-47\" src=\"http:\/\/www.goethe.klausdapp.de\/wordpress\/wp-content\/uploads\/2015\/01\/2007-08-10-001-1024x685.jpg\" alt=\"Feige auf der Dachterrasse (Bild: Klaus Dapp)\" width=\"625\" height=\"418\" srcset=\"http:\/\/www.goethe.klausdapp.de\/wordpress\/wp-content\/uploads\/2015\/01\/2007-08-10-001-1024x685.jpg 1024w, http:\/\/www.goethe.klausdapp.de\/wordpress\/wp-content\/uploads\/2015\/01\/2007-08-10-001-300x201.jpg 300w, http:\/\/www.goethe.klausdapp.de\/wordpress\/wp-content\/uploads\/2015\/01\/2007-08-10-001-624x418.jpg 624w\" sizes=\"auto, (max-width: 625px) 100vw, 625px\" \/><\/a><p id=\"caption-attachment-47\" class=\"wp-caption-text\">Feige auf der Dachterrasse (Bild: Klaus Dapp)<\/p><\/div>\n<p>Ich freue mich auf eine erste Feigen-Ernte. Es macht richtig Spa\u00df zuzuschauen, wie die Feigen wachsen. Offensichtlich sind die S\u00fcdseite und der Schutz vor Schlagregen durch das \u00fcberstehende Dach ein guter Standort. Wie gut, dass ich beim Bau an einen Au\u00dfenwasserhahn gedacht habe und mit meinem Bew\u00e4sserungssystem nach der Erstinstallation es relativ einfach habe. Jetzt m\u00fcssen nur einmal im Jahr die Tropfk\u00f6rper nach der Forstperiode gesetzt werden und vor der Frostperiode wieder wegger\u00e4umt und geputzt werden. Die Verbindungsschl\u00e4uche k\u00f6nnen drua\u00dfen bleiben.<\/p>\n<p>Wen es interessiert: <a title=\"Blumat-Bew\u00e4sserungssytem\" href=\"http:\/\/www.blumat.de\">http:\/\/www.blumat.de<\/a><\/p>\n","protected":false},"excerpt":{"rendered":"<p>Ich freue mich auf eine erste Feigen-Ernte. Es macht richtig Spa\u00df zuzuschauen, wie die Feigen wachsen. Offensichtlich sind die S\u00fcdseite und der Schutz vor Schlagregen durch das \u00fcberstehende Dach ein guter Standort. Wie gut, dass ich beim Bau an einen Au\u00dfenwasserhahn gedacht habe und mit meinem Bew\u00e4sserungssystem nach der Erstinstallation es relativ einfach habe. Jetzt [&hellip;]<\/p>\n","protected":false},"author":1,"featured_media":0,"comment_status":"open","ping_status":"open","sticky":false,"template":"","format":"standard","meta":{"footnotes":""},"categories":[9,5],"tags":[],"class_list":["post-46","post","type-post","status-publish","format-standard","hentry","category-gaertnern","category-impressionen"],"_links":{"self":[{"href":"http:\/\/www.goethe.klausdapp.de\/wordpress\/index.php?rest_route=\/wp\/v2\/posts\/46","targetHints":{"allow":["GET"]}}],"collection":[{"href":"http:\/\/www.goethe.klausdapp.de\/wordpress\/index.php?rest_route=\/wp\/v2\/posts"}],"about":[{"href":"http:\/\/www.goethe.klausdapp.de\/wordpress\/index.php?rest_route=\/wp\/v2\/types\/post"}],"author":[{"embeddable":true,"href":"http:\/\/www.goethe.klausdapp.de\/wordpress\/index.php?rest_route=\/wp\/v2\/users\/1"}],"replies":[{"embeddable":true,"href":"http:\/\/www.goethe.klausdapp.de\/wordpress\/index.php?rest_route=%2Fwp%2Fv2%2Fcomments&post=46"}],"version-history":[{"count":3,"href":"http:\/\/www.goethe.klausdapp.de\/wordpress\/index.php?rest_route=\/wp\/v2\/posts\/46\/revisions"}],"predecessor-version":[{"id":176,"href":"http:\/\/www.goethe.klausdapp.de\/wordpress\/index.php?rest_route=\/wp\/v2\/posts\/46\/revisions\/176"}],"wp:attachment":[{"href":"http:\/\/www.goethe.klausdapp.de\/wordpress\/index.php?rest_route=%2Fwp%2Fv2%2Fmedia&parent=46"}],"wp:term":[{"taxonomy":"category","embeddable":true,"href":"http:\/\/www.goethe.klausdapp.de\/wordpress\/index.php?rest_route=%2Fwp%2Fv2%2Fcategories&post=46"},{"taxonomy":"post_tag","embeddable":true,"href":"http:\/\/www.goethe.klausdapp.de\/wordpress\/index.php?rest_route=%2Fwp%2Fv2%2Ftags&post=46"}],"curies":[{"name":"wp","href":"https:\/\/api.w.org\/{rel}","templated":true}]}}