{"id":39,"date":"2005-06-04T21:53:25","date_gmt":"2005-06-04T19:53:25","guid":{"rendered":"http:\/\/www.goethe.klausdapp.de\/wordpress\/?p=39"},"modified":"2015-01-25T21:58:27","modified_gmt":"2015-01-25T19:58:27","slug":"umziehen-kann-spass-machen","status":"publish","type":"post","link":"http:\/\/www.goethe.klausdapp.de\/wordpress\/?p=39","title":{"rendered":"Umziehen kann Spa\u00df machen"},"content":{"rendered":"<p>Mein Umzug hatte Eventcharakter. Eine gro\u00dfe Schar von Helferinnen und Helfern hat kraftvoll mit gemacht. Im Vorfeld gab es heftige Kritik am verschickten Zeitplan &#8230; an einer Stelle stimmte die Pausenzeit nicht mit der Zeitleiste \u00fcberein. Das kommt davon, wenn ich als Raumplaner einem Baubetriebler einen Ablaufplan schicke.<\/p>\n<p>Die Packerei in der Heinrich Fuhr Stra\u00dfe war eine ziemliche Qual &#8230; galt es doch die in f\u00fcnf Jahren angesammelten Dinge gr\u00fcndlich auszusortieren. Aber schlie\u00dflich waren doch alle Sachen in eindeutig beschrifteten Kisten. Die Vorbereitung in der Goethestra\u00dfe lief super. Mit meinem Vater habe ich im Vorfeld schon Lampen aufgeh\u00e4ngt. Die neue K\u00fcche war eingebaut. Und meine Eltern haben sich im Keller verewigt, indem sie die neuen Regale aufgebaut haben. So konnten beim Umzug die Kellerkisten schon direkt an den richtigen Platz ins Regal gestellt werden &#8230; darum wurde ich einige Jahre von meinen Nachbarn beneidet. Und auch die gr\u00f6\u00dften L\u00e4sterer erkannten bei Umzug, dass es schon Sinn machen kann, den genauen Regelstandort f\u00fcr die Kisten anzugeben.<\/p>\n<p>Durch Zufall habe ich einen Au\u00dfenaufzug gesehen und dann erfahren, wie g\u00fcnstig der zu mieten war. Das war eine richtig gute Investition, so hatte ich kein Problem damit, dass es im Haus keinen Aufzug gab. Und dank einer ausgekl\u00fcgelten Einkaufslogistik, haben sich Antje und Volker damit verewigt, indem sie statt Kisten zu tragen Putzb\u00fctten, Kies und Erde gekauft haben, die dann mit dem Lastenaufzug nach oben gefahren wurden \u2013 das war die Grundlage f\u00fcr meinen Dachgarten.<\/p>\n<p>Aber es gab auch Pannen: Das Umzugsauto, das ich reserviert hatte, war nicht da \u2013 zum Gl\u00fcck, denn ich hatte mich doch ziemlich verrechnet und war dann sehr froh, dass ich ein gr\u00f6\u00dferes zum selben Preis bekommen habe. Au\u00dferdem wurde vom zuvor schon kritisierten Zeitplan abgewichen &#8230; wir waren einfach zu schnell. Da herrliches Wetter war, gab das die Gelegenheit, schon die Bierb\u00e4nke aufzubauen und dann wurde von Verena ein leckeres Mittagessen angeliefert.<\/p>\n<p>Kurz zusammengefasst: Ein super Umzug. Und da wir so fr\u00fch fertig waren, und einige Beteiligte \u201enur\u201c zum Einzug in die Goethestra\u00dfe gekommen waren, hatte ich dann das Luxusproblem, dass es nicht genug Schr\u00e4nke usw. zum Aufbauen gab. Allen die dabei waren ganz vielen Dank!!!<\/p>\n","protected":false},"excerpt":{"rendered":"<p>Mein Umzug hatte Eventcharakter. Eine gro\u00dfe Schar von Helferinnen und Helfern hat kraftvoll mit gemacht. Im Vorfeld gab es heftige Kritik am verschickten Zeitplan &#8230; an einer Stelle stimmte die Pausenzeit nicht mit der Zeitleiste \u00fcberein. Das kommt davon, wenn ich als Raumplaner einem Baubetriebler einen Ablaufplan schicke. Die Packerei in der Heinrich Fuhr Stra\u00dfe [&hellip;]<\/p>\n","protected":false},"author":1,"featured_media":40,"comment_status":"closed","ping_status":"open","sticky":false,"template":"","format":"standard","meta":{"footnotes":""},"categories":[5],"tags":[],"class_list":["post-39","post","type-post","status-publish","format-standard","has-post-thumbnail","hentry","category-impressionen"],"_links":{"self":[{"href":"http:\/\/www.goethe.klausdapp.de\/wordpress\/index.php?rest_route=\/wp\/v2\/posts\/39","targetHints":{"allow":["GET"]}}],"collection":[{"href":"http:\/\/www.goethe.klausdapp.de\/wordpress\/index.php?rest_route=\/wp\/v2\/posts"}],"about":[{"href":"http:\/\/www.goethe.klausdapp.de\/wordpress\/index.php?rest_route=\/wp\/v2\/types\/post"}],"author":[{"embeddable":true,"href":"http:\/\/www.goethe.klausdapp.de\/wordpress\/index.php?rest_route=\/wp\/v2\/users\/1"}],"replies":[{"embeddable":true,"href":"http:\/\/www.goethe.klausdapp.de\/wordpress\/index.php?rest_route=%2Fwp%2Fv2%2Fcomments&post=39"}],"version-history":[{"count":1,"href":"http:\/\/www.goethe.klausdapp.de\/wordpress\/index.php?rest_route=\/wp\/v2\/posts\/39\/revisions"}],"predecessor-version":[{"id":41,"href":"http:\/\/www.goethe.klausdapp.de\/wordpress\/index.php?rest_route=\/wp\/v2\/posts\/39\/revisions\/41"}],"wp:featuredmedia":[{"embeddable":true,"href":"http:\/\/www.goethe.klausdapp.de\/wordpress\/index.php?rest_route=\/wp\/v2\/media\/40"}],"wp:attachment":[{"href":"http:\/\/www.goethe.klausdapp.de\/wordpress\/index.php?rest_route=%2Fwp%2Fv2%2Fmedia&parent=39"}],"wp:term":[{"taxonomy":"category","embeddable":true,"href":"http:\/\/www.goethe.klausdapp.de\/wordpress\/index.php?rest_route=%2Fwp%2Fv2%2Fcategories&post=39"},{"taxonomy":"post_tag","embeddable":true,"href":"http:\/\/www.goethe.klausdapp.de\/wordpress\/index.php?rest_route=%2Fwp%2Fv2%2Ftags&post=39"}],"curies":[{"name":"wp","href":"https:\/\/api.w.org\/{rel}","templated":true}]}}