{"id":26,"date":"2003-10-23T21:27:23","date_gmt":"2003-10-23T19:27:23","guid":{"rendered":"http:\/\/www.goethe.klausdapp.de\/wordpress\/?p=26"},"modified":"2015-01-25T21:42:46","modified_gmt":"2015-01-25T19:42:46","slug":"sofort-bestellt","status":"publish","type":"post","link":"http:\/\/www.goethe.klausdapp.de\/wordpress\/?p=26","title":{"rendered":"&#8230; sofort bestellt"},"content":{"rendered":"<p>Nach der Terminvereinbarung mit der Nassauischen Heimst\u00e4tte f\u00fcr den n\u00e4chsten Tag bin ich am Abend noch einmal an das Grundst\u00fcck gefahren und habe die Lage sondiert. Zwei einfach zu erreichende Stra\u00dfenbahnhaltestellen (f\u00fcr Darmst\u00e4dterInnen: Goethestra\u00dfe und Prinz-Emil-Garten), gute Fu\u00df- und Radverbindungen in die Innenstadt (ca. 20\/10 Minuten entfernt). Apotheke, B\u00e4cker, Weinladen, Gastst\u00e4tten und Tankstelle (Notverpflegung) liegen in fu\u00dfl\u00e4ufiger Entfernung und der Prinz-Emil-Garten, der Wolfskehlsche Garten und die Orangerie liegen gleich um die Ecke. Als es dann am Abend auch noch sch\u00f6n ruhig war, war die Standortenscheidung eigentlich auch schon gefallen.<\/p>\n<p>An dem Termin habe ich mir dann die Grundrisse und das Modell angeschaut und da war eigentlich schon klar, dass es DIE Wohnung sein soll. Ein Wohnzimmer mit S\u00fcd-\/Westseite, ein Schlafzimmer mit West-\/Nordseite und ein Bad Richtung Norden. Dar\u00fcber hinaus eine gro\u00dfe Dachterrasse. Ein Trockenraum und ein Fahrradkeller waren eingezeichnet und im Verkaufsgespr\u00e4ch wurde noch darauf hingewiesen, dass die zuk\u00fcnftigen Eigent\u00fcmer selbstverst\u00e4ndlich noch weitere W\u00fcnsche bei der Innenausstattung (gegen Bezahlung) umsetzen k\u00f6nnen.<\/p>\n<p>Ich habe mir noch eine Nacht Bedenkzeit ausgebeten und am n\u00e4chsten Morgen die Reservierungsbescheinigung per Fax verschickt und damit einen Vorvertrag geschlossen \u2013 nach der Fertigstellung des Geb\u00e4udes habe ich dann von meiner damaligen Nachbarin erfahren, dass Sie an dem Tag da war, als mein Vorvertrag geschlossen wurde, sonst h\u00e4tte sie die Wohnung genommen.<\/p>\n","protected":false},"excerpt":{"rendered":"<p>Nach der Terminvereinbarung mit der Nassauischen Heimst\u00e4tte f\u00fcr den n\u00e4chsten Tag bin ich am Abend noch einmal an das Grundst\u00fcck gefahren und habe die Lage sondiert. Zwei einfach zu erreichende Stra\u00dfenbahnhaltestellen (f\u00fcr Darmst\u00e4dterInnen: Goethestra\u00dfe und Prinz-Emil-Garten), gute Fu\u00df- und Radverbindungen in die Innenstadt (ca. 20\/10 Minuten entfernt). Apotheke, B\u00e4cker, Weinladen, Gastst\u00e4tten und Tankstelle (Notverpflegung) liegen [&hellip;]<\/p>\n","protected":false},"author":1,"featured_media":4,"comment_status":"closed","ping_status":"open","sticky":false,"template":"","format":"standard","meta":{"footnotes":""},"categories":[3],"tags":[],"class_list":["post-26","post","type-post","status-publish","format-standard","has-post-thumbnail","hentry","category-idee-und-planung"],"_links":{"self":[{"href":"http:\/\/www.goethe.klausdapp.de\/wordpress\/index.php?rest_route=\/wp\/v2\/posts\/26","targetHints":{"allow":["GET"]}}],"collection":[{"href":"http:\/\/www.goethe.klausdapp.de\/wordpress\/index.php?rest_route=\/wp\/v2\/posts"}],"about":[{"href":"http:\/\/www.goethe.klausdapp.de\/wordpress\/index.php?rest_route=\/wp\/v2\/types\/post"}],"author":[{"embeddable":true,"href":"http:\/\/www.goethe.klausdapp.de\/wordpress\/index.php?rest_route=\/wp\/v2\/users\/1"}],"replies":[{"embeddable":true,"href":"http:\/\/www.goethe.klausdapp.de\/wordpress\/index.php?rest_route=%2Fwp%2Fv2%2Fcomments&post=26"}],"version-history":[{"count":3,"href":"http:\/\/www.goethe.klausdapp.de\/wordpress\/index.php?rest_route=\/wp\/v2\/posts\/26\/revisions"}],"predecessor-version":[{"id":35,"href":"http:\/\/www.goethe.klausdapp.de\/wordpress\/index.php?rest_route=\/wp\/v2\/posts\/26\/revisions\/35"}],"wp:featuredmedia":[{"embeddable":true,"href":"http:\/\/www.goethe.klausdapp.de\/wordpress\/index.php?rest_route=\/wp\/v2\/media\/4"}],"wp:attachment":[{"href":"http:\/\/www.goethe.klausdapp.de\/wordpress\/index.php?rest_route=%2Fwp%2Fv2%2Fmedia&parent=26"}],"wp:term":[{"taxonomy":"category","embeddable":true,"href":"http:\/\/www.goethe.klausdapp.de\/wordpress\/index.php?rest_route=%2Fwp%2Fv2%2Fcategories&post=26"},{"taxonomy":"post_tag","embeddable":true,"href":"http:\/\/www.goethe.klausdapp.de\/wordpress\/index.php?rest_route=%2Fwp%2Fv2%2Ftags&post=26"}],"curies":[{"name":"wp","href":"https:\/\/api.w.org\/{rel}","templated":true}]}}