{"id":157,"date":"2015-02-15T22:34:46","date_gmt":"2015-02-15T20:34:46","guid":{"rendered":"http:\/\/www.goethe.klausdapp.de\/wordpress\/?p=157"},"modified":"2015-03-11T21:09:30","modified_gmt":"2015-03-11T19:09:30","slug":"gartensaison-fast-eroeffnet","status":"publish","type":"post","link":"http:\/\/www.goethe.klausdapp.de\/wordpress\/?p=157","title":{"rendered":"Gartensaison (fast) er\u00f6ffnet"},"content":{"rendered":"<div id=\"attachment_158\" style=\"width: 635px\" class=\"wp-caption alignnone\"><a href=\"http:\/\/www.goethe.klausdapp.de\/wordpress\/wp-content\/uploads\/2015\/02\/Anzuchthaus.jpg\"><img loading=\"lazy\" decoding=\"async\" aria-describedby=\"caption-attachment-158\" class=\"wp-image-158 size-large\" src=\"http:\/\/www.goethe.klausdapp.de\/wordpress\/wp-content\/uploads\/2015\/02\/Anzuchthaus-1024x768.jpg\" alt=\"Anzuchthaus\" width=\"625\" height=\"469\" srcset=\"http:\/\/www.goethe.klausdapp.de\/wordpress\/wp-content\/uploads\/2015\/02\/Anzuchthaus-1024x768.jpg 1024w, http:\/\/www.goethe.klausdapp.de\/wordpress\/wp-content\/uploads\/2015\/02\/Anzuchthaus-300x225.jpg 300w, http:\/\/www.goethe.klausdapp.de\/wordpress\/wp-content\/uploads\/2015\/02\/Anzuchthaus-624x468.jpg 624w\" sizes=\"auto, (max-width: 625px) 100vw, 625px\" \/><\/a><p id=\"caption-attachment-158\" class=\"wp-caption-text\">Die neuen Anzuchth\u00e4user (Bild: Klaus Dapp)<\/p><\/div>\n<p>Dieses sonnige Wochenende hat mir richtig Stimmung auf echtes G\u00e4rntnern gemacht.Zur Zeit beschr\u00e4nke ich mich doch eher auf Keime und Kresse &#8230; die mir auch viel Freude macht.<\/p>\n<div id=\"attachment_159\" style=\"width: 635px\" class=\"wp-caption alignnone\"><a href=\"http:\/\/www.goethe.klausdapp.de\/wordpress\/wp-content\/uploads\/2015\/02\/Kresse.jpg\"><img loading=\"lazy\" decoding=\"async\" aria-describedby=\"caption-attachment-159\" class=\"wp-image-159 size-large\" src=\"http:\/\/www.goethe.klausdapp.de\/wordpress\/wp-content\/uploads\/2015\/02\/Kresse-1024x768.jpg\" alt=\"Kresse\" width=\"625\" height=\"469\" srcset=\"http:\/\/www.goethe.klausdapp.de\/wordpress\/wp-content\/uploads\/2015\/02\/Kresse-1024x768.jpg 1024w, http:\/\/www.goethe.klausdapp.de\/wordpress\/wp-content\/uploads\/2015\/02\/Kresse-300x225.jpg 300w, http:\/\/www.goethe.klausdapp.de\/wordpress\/wp-content\/uploads\/2015\/02\/Kresse-624x468.jpg 624w\" sizes=\"auto, (max-width: 625px) 100vw, 625px\" \/><\/a><p id=\"caption-attachment-159\" class=\"wp-caption-text\">Selbstgezogene Kresse in der Bessunger Sonne (Bild: Klaus Dapp)<\/p><\/div>\n<p>Dieses Jahr will ich nicht wie in den letzten Jahren mit der Anzucht der Tomaten viel zu sp\u00e4t beginnen. Deshalb hat mich Antje auch sehr nachdr\u00fccklich dazu gebracht, schon im Januar Samen von alten Tomatensorten auszusuchen und der ist inzwischen auch schon angekommen. Internethandel hat bei einigen Sachen doch eine Berechtigung.<\/p>\n<p>Am Samstag war ich dann in dem tollen Raiffeisen-Markt in Michelstadt im Odenwald &#8230; und das ist eben kein Baumarkt sondern ein Raiffeisen-Markt. Neben Zubeh\u00f6r und Futter f\u00fcr Pferde, Hund und andere Tiere, Briketts und anderen Landwaren gibt es dort auch Wein von verschiedenen Winzergenossenschaften, diverse Lebensmittel auch in gr\u00f6\u00dferen Gebinden &#8211; kurz: Ich gehe da gerne mal durch die G\u00e4nge und alleine die Geruchskulisse ist einen Besuch wert. Da ist eben nicht alles dreimal in Plastik eingeschweist und steril wie im Baumarkt &#8230; oder einfach nur als Bildchen wie im Internet. Dazu kommt noch, dass der Markt gleich am Bahnhof liegt und ein solcher Besuch mit einem Spaziergang in die <a href=\"http:\/\/www.koziol-gluecksfabrik.de\/gluecksfabrik\/index.php\" target=\"_blank\">Gl\u00fcckfabrik<\/a> verbunden werden kann.<\/p>\n<p>Ganz konkret habe ich diesmal bezahlbare Anzuchtk\u00e4sten gesucht (und nat\u00fcrlich auch gefunden), die nicht nach zweimal Anfassen schon undicht sind. Leider habe ich damit in den letzten Jahren schon ein paar mal eine riesige Sauerei produziert. Nur bei den Innent\u00f6pfchen bin ich immer noch nicht richtig gl\u00fccklich &#8211; ich mag diese Torf-T\u00f6pchen einfach nicht, Torf geh\u00f6rt ins Moor und nicht in den Garten &#8230; &#8222;es gibt immer was zu tun&#8220;.<\/p>\n<p>Jetzt ist also auch diese Grundlage da &#8230; und Anfang M\u00e4rz geht es dann richtig los. Ich freue mich schon darauf und werde ab und an berichten, auch damit Antje und Charly mitverfolgen k\u00f6nnen, was aus ihren Pfl\u00e4nzchen wird.<\/p>\n","protected":false},"excerpt":{"rendered":"<p>Dieses sonnige Wochenende hat mir richtig Stimmung auf echtes G\u00e4rntnern gemacht.Zur Zeit beschr\u00e4nke ich mich doch eher auf Keime und Kresse &#8230; die mir auch viel Freude macht. Dieses Jahr will ich nicht wie in den letzten Jahren mit der Anzucht der Tomaten viel zu sp\u00e4t beginnen. Deshalb hat mich Antje auch sehr nachdr\u00fccklich dazu [&hellip;]<\/p>\n","protected":false},"author":1,"featured_media":0,"comment_status":"open","ping_status":"closed","sticky":false,"template":"","format":"standard","meta":{"footnotes":""},"categories":[9],"tags":[],"class_list":["post-157","post","type-post","status-publish","format-standard","hentry","category-gaertnern"],"_links":{"self":[{"href":"http:\/\/www.goethe.klausdapp.de\/wordpress\/index.php?rest_route=\/wp\/v2\/posts\/157","targetHints":{"allow":["GET"]}}],"collection":[{"href":"http:\/\/www.goethe.klausdapp.de\/wordpress\/index.php?rest_route=\/wp\/v2\/posts"}],"about":[{"href":"http:\/\/www.goethe.klausdapp.de\/wordpress\/index.php?rest_route=\/wp\/v2\/types\/post"}],"author":[{"embeddable":true,"href":"http:\/\/www.goethe.klausdapp.de\/wordpress\/index.php?rest_route=\/wp\/v2\/users\/1"}],"replies":[{"embeddable":true,"href":"http:\/\/www.goethe.klausdapp.de\/wordpress\/index.php?rest_route=%2Fwp%2Fv2%2Fcomments&post=157"}],"version-history":[{"count":4,"href":"http:\/\/www.goethe.klausdapp.de\/wordpress\/index.php?rest_route=\/wp\/v2\/posts\/157\/revisions"}],"predecessor-version":[{"id":173,"href":"http:\/\/www.goethe.klausdapp.de\/wordpress\/index.php?rest_route=\/wp\/v2\/posts\/157\/revisions\/173"}],"wp:attachment":[{"href":"http:\/\/www.goethe.klausdapp.de\/wordpress\/index.php?rest_route=%2Fwp%2Fv2%2Fmedia&parent=157"}],"wp:term":[{"taxonomy":"category","embeddable":true,"href":"http:\/\/www.goethe.klausdapp.de\/wordpress\/index.php?rest_route=%2Fwp%2Fv2%2Fcategories&post=157"},{"taxonomy":"post_tag","embeddable":true,"href":"http:\/\/www.goethe.klausdapp.de\/wordpress\/index.php?rest_route=%2Fwp%2Fv2%2Ftags&post=157"}],"curies":[{"name":"wp","href":"https:\/\/api.w.org\/{rel}","templated":true}]}}