{"id":145,"date":"2015-02-01T15:46:46","date_gmt":"2015-02-01T13:46:46","guid":{"rendered":"http:\/\/www.goethe.klausdapp.de\/wordpress\/?p=145"},"modified":"2015-03-11T21:11:35","modified_gmt":"2015-03-11T19:11:35","slug":"es-ist-geschafft-aus-der-steckdose-kommt-eigener-strom","status":"publish","type":"post","link":"http:\/\/www.goethe.klausdapp.de\/wordpress\/?p=145","title":{"rendered":"Es ist geschafft: aus der Steckdose kommt eigener Strom"},"content":{"rendered":"<div id=\"attachment_146\" style=\"width: 640px\" class=\"wp-caption alignnone\"><a href=\"http:\/\/www.goethe.klausdapp.de\/wordpress\/wp-content\/uploads\/2015\/02\/Windstark1.jpg\"><img loading=\"lazy\" decoding=\"async\" aria-describedby=\"caption-attachment-146\" class=\"wp-image-146 size-full\" src=\"http:\/\/www.goethe.klausdapp.de\/wordpress\/wp-content\/uploads\/2015\/02\/Windstark1.jpg\" alt=\"Windstark1\" width=\"630\" height=\"385\" srcset=\"http:\/\/www.goethe.klausdapp.de\/wordpress\/wp-content\/uploads\/2015\/02\/Windstark1.jpg 630w, http:\/\/www.goethe.klausdapp.de\/wordpress\/wp-content\/uploads\/2015\/02\/Windstark1-300x183.jpg 300w, http:\/\/www.goethe.klausdapp.de\/wordpress\/wp-content\/uploads\/2015\/02\/Windstark1-624x381.jpg 624w\" sizes=\"auto, (max-width: 630px) 100vw, 630px\" \/><\/a><p id=\"caption-attachment-146\" class=\"wp-caption-text\">Windenergieanlage Windstark 1 der Energiegenossenschaft Starkenburg auf der Neutscher H\u00f6he (Bild: Klaus Dapp)<\/p><\/div>\n<p>Nachdem ein Teil der W\u00e4rme f\u00fcr das Warmwasser aus der Solaranlage kommt, ist der n\u00e4chste Schritt die eigene Stromversorgung. Da ich nur Miteigent\u00fcmer bin und eine Fotovoltaikanlage auf dem Dach und ein Kabel entlang eines Regenrohres eine von allen Eigent\u00fcmern einstimmig zu beschlie\u00dfende Ver\u00e4nderung der Aussenfassade darstellt, habe ich mich schon l\u00e4nger von der Idee einer eigenen Anlage auf dem Dach verabschiedet.<\/p>\n<p>Da blieb mir nur ein guter \u00d6kostromanbieter. Vor etlichen Jahren gab es in Darmstadt regional erzeugten \u00d6kostrom (naturpur) der HEAG. Dieses Angebot wurde zu meinem gro\u00dfen Bedauern abgeschafft. Jetzt gibt es \u00d6kostrom, der zu einem gro\u00dfen Teil aus Norwegen kommt. Das ist nicht wirklich regional. Nachdem ich Mitglied der <a href=\"http:\/\/www.energiestark.de\/\" target=\"_blank\">Energiegenossenschaft Starkenburg<\/a> geworden bin, die in der Region inzwischen etliche Anlagen gebaut hat und betreibt, trieb (nicht nur) mich der Gedanke um, diesen Strom auch direkt zu beziehen.<\/p>\n<p>Und das geht jetzt endlich und im Dezember letzten Jahres habe ich deshalb meinen Vertrag bei der entega gek\u00fcndigt und beziehe jetzt Starkstrom, das hei\u00dft Strom von der Energiegenossenschafts Starkenburg. Die Abwicklung erledigen die <a href=\"http:\/\/buergerwerke.de\/strom-beziehen\/unser-strom\/buergerstrom\/\" target=\"_blank\">B\u00fcrgerwerke<\/a>. Und zu meiner gro\u00dfen Freude, hat der Wechsel wirklich gut geklappt &#8211; weder hat die entega gezickt, noch sind sonst irgendwelche Probleme aufgetreten.<\/p>\n<p>Jetzt kann ich mir dann immer vorstellen, dass der Strom aus &#8222;meiner&#8220; Windenergieanlage aus meinen Steckdosen kommt. Nat\u00fcrlich wei\u00df ich, dass das nur bilanziell der Fall ist. Aber immerhin bleibt von dem (kleineren) Teil der Strompreises, der nicht aus Abgaben und Steuern besteht, bis auf die Netzentgelte bei der Energiegenossenschaft Starkenburg.<\/p>\n<p>Dies alleine \u00e4ndert die Stromerzeugung in Deutschland nicht sofort. Nach meinen Investitionen in Erneuerbare Energien ist das aber der konsequente n\u00e4chste Schritt, um die Energiewende zumindest privat zu erreichen.<\/p>\n","protected":false},"excerpt":{"rendered":"<p>Nachdem ein Teil der W\u00e4rme f\u00fcr das Warmwasser aus der Solaranlage kommt, ist der n\u00e4chste Schritt die eigene Stromversorgung. Da ich nur Miteigent\u00fcmer bin und eine Fotovoltaikanlage auf dem Dach und ein Kabel entlang eines Regenrohres eine von allen Eigent\u00fcmern einstimmig zu beschlie\u00dfende Ver\u00e4nderung der Aussenfassade darstellt, habe ich mich schon l\u00e4nger von der Idee [&hellip;]<\/p>\n","protected":false},"author":1,"featured_media":0,"comment_status":"open","ping_status":"open","sticky":false,"template":"","format":"standard","meta":{"footnotes":""},"categories":[1],"tags":[],"class_list":["post-145","post","type-post","status-publish","format-standard","hentry","category-allgemein"],"_links":{"self":[{"href":"http:\/\/www.goethe.klausdapp.de\/wordpress\/index.php?rest_route=\/wp\/v2\/posts\/145","targetHints":{"allow":["GET"]}}],"collection":[{"href":"http:\/\/www.goethe.klausdapp.de\/wordpress\/index.php?rest_route=\/wp\/v2\/posts"}],"about":[{"href":"http:\/\/www.goethe.klausdapp.de\/wordpress\/index.php?rest_route=\/wp\/v2\/types\/post"}],"author":[{"embeddable":true,"href":"http:\/\/www.goethe.klausdapp.de\/wordpress\/index.php?rest_route=\/wp\/v2\/users\/1"}],"replies":[{"embeddable":true,"href":"http:\/\/www.goethe.klausdapp.de\/wordpress\/index.php?rest_route=%2Fwp%2Fv2%2Fcomments&post=145"}],"version-history":[{"count":4,"href":"http:\/\/www.goethe.klausdapp.de\/wordpress\/index.php?rest_route=\/wp\/v2\/posts\/145\/revisions"}],"predecessor-version":[{"id":174,"href":"http:\/\/www.goethe.klausdapp.de\/wordpress\/index.php?rest_route=\/wp\/v2\/posts\/145\/revisions\/174"}],"wp:attachment":[{"href":"http:\/\/www.goethe.klausdapp.de\/wordpress\/index.php?rest_route=%2Fwp%2Fv2%2Fmedia&parent=145"}],"wp:term":[{"taxonomy":"category","embeddable":true,"href":"http:\/\/www.goethe.klausdapp.de\/wordpress\/index.php?rest_route=%2Fwp%2Fv2%2Fcategories&post=145"},{"taxonomy":"post_tag","embeddable":true,"href":"http:\/\/www.goethe.klausdapp.de\/wordpress\/index.php?rest_route=%2Fwp%2Fv2%2Ftags&post=145"}],"curies":[{"name":"wp","href":"https:\/\/api.w.org\/{rel}","templated":true}]}}