{"id":140,"date":"2008-12-23T20:57:17","date_gmt":"2008-12-23T18:57:17","guid":{"rendered":"http:\/\/www.goethe.klausdapp.de\/wordpress\/?p=140"},"modified":"2015-01-28T21:14:04","modified_gmt":"2015-01-28T19:14:04","slug":"foerderantrag-fuer-die-solaranlage-bewilligt","status":"publish","type":"post","link":"http:\/\/www.goethe.klausdapp.de\/wordpress\/?p=140","title":{"rendered":"F\u00f6rderantrag f\u00fcr die Solaranlage bewilligt"},"content":{"rendered":"<p>Kurz nach Weihnachten war es endlich soweit. Der Bewilligungsbescheid des Bundesamtes f\u00fcr Wirtschaft und Ausfuhrkontrolle (BAFA) war endlich da.<\/p>\n<p>Davor mussten Angebote eingeholt werden und der Nachweis erbracht werden, dass die Anlage auch technisch funktioniert und einen Mindestanteil an W\u00e4rme liefert. Das ganze war schon ein ziemlich umfangreiches Werk. Aber schlie\u00dflich hat sich die Arbeit gelohnt. Mit dem Bewilligungsbescheid war die Grundlage f\u00fcr die Umsetzung gelegt.<\/p>\n","protected":false},"excerpt":{"rendered":"<p>Kurz nach Weihnachten war es endlich soweit. Der Bewilligungsbescheid des Bundesamtes f\u00fcr Wirtschaft und Ausfuhrkontrolle (BAFA) war endlich da. Davor mussten Angebote eingeholt werden und der Nachweis erbracht werden, dass die Anlage auch technisch funktioniert und einen Mindestanteil an W\u00e4rme liefert. Das ganze war schon ein ziemlich umfangreiches Werk. Aber schlie\u00dflich hat sich die Arbeit [&hellip;]<\/p>\n","protected":false},"author":1,"featured_media":0,"comment_status":"closed","ping_status":"open","sticky":false,"template":"","format":"standard","meta":{"footnotes":""},"categories":[6],"tags":[],"class_list":["post-140","post","type-post","status-publish","format-standard","hentry","category-solaranlage"],"_links":{"self":[{"href":"http:\/\/www.goethe.klausdapp.de\/wordpress\/index.php?rest_route=\/wp\/v2\/posts\/140","targetHints":{"allow":["GET"]}}],"collection":[{"href":"http:\/\/www.goethe.klausdapp.de\/wordpress\/index.php?rest_route=\/wp\/v2\/posts"}],"about":[{"href":"http:\/\/www.goethe.klausdapp.de\/wordpress\/index.php?rest_route=\/wp\/v2\/types\/post"}],"author":[{"embeddable":true,"href":"http:\/\/www.goethe.klausdapp.de\/wordpress\/index.php?rest_route=\/wp\/v2\/users\/1"}],"replies":[{"embeddable":true,"href":"http:\/\/www.goethe.klausdapp.de\/wordpress\/index.php?rest_route=%2Fwp%2Fv2%2Fcomments&post=140"}],"version-history":[{"count":1,"href":"http:\/\/www.goethe.klausdapp.de\/wordpress\/index.php?rest_route=\/wp\/v2\/posts\/140\/revisions"}],"predecessor-version":[{"id":141,"href":"http:\/\/www.goethe.klausdapp.de\/wordpress\/index.php?rest_route=\/wp\/v2\/posts\/140\/revisions\/141"}],"wp:attachment":[{"href":"http:\/\/www.goethe.klausdapp.de\/wordpress\/index.php?rest_route=%2Fwp%2Fv2%2Fmedia&parent=140"}],"wp:term":[{"taxonomy":"category","embeddable":true,"href":"http:\/\/www.goethe.klausdapp.de\/wordpress\/index.php?rest_route=%2Fwp%2Fv2%2Fcategories&post=140"},{"taxonomy":"post_tag","embeddable":true,"href":"http:\/\/www.goethe.klausdapp.de\/wordpress\/index.php?rest_route=%2Fwp%2Fv2%2Ftags&post=140"}],"curies":[{"name":"wp","href":"https:\/\/api.w.org\/{rel}","templated":true}]}}