{"id":123,"date":"2005-04-12T21:29:29","date_gmt":"2005-04-12T19:29:29","guid":{"rendered":"http:\/\/www.goethe.klausdapp.de\/wordpress\/?p=123"},"modified":"2015-01-26T21:33:19","modified_gmt":"2015-01-26T19:33:19","slug":"innenausbau-und-fertigstellung-der-aussenfassade","status":"publish","type":"post","link":"http:\/\/www.goethe.klausdapp.de\/wordpress\/?p=123","title":{"rendered":"Innenausbau und Fertigstellung der Au\u00dfenfassade"},"content":{"rendered":"<p>Seit September 2004 wurde im Inneren kr\u00e4ftig gewerkelt. Mit der Fertigstellung der Au\u00dfenfassade ist der Endspurt eingeleitet. Auch der Abschluss des Innenausbaus ist absehbar &#8211; es brauchte dann noch etliche Nachtschichten. Meine Wohnung wurde in der Nacht zum 1. Mai gestrichen. Das war der vertraglich festgelegte Fertigstellungstermin.<\/p>\n<p>Leider war diese Nachtaktion auch Grund f\u00fcr etliche Nachbesserungen. Aber immerhin, ich konnte mit den Vorbereitungen f\u00fcr den Umzug beginnen.<\/p>\n","protected":false},"excerpt":{"rendered":"<p>Seit September 2004 wurde im Inneren kr\u00e4ftig gewerkelt. Mit der Fertigstellung der Au\u00dfenfassade ist der Endspurt eingeleitet. Auch der Abschluss des Innenausbaus ist absehbar &#8211; es brauchte dann noch etliche Nachtschichten. Meine Wohnung wurde in der Nacht zum 1. Mai gestrichen. Das war der vertraglich festgelegte Fertigstellungstermin. Leider war diese Nachtaktion auch Grund f\u00fcr etliche [&hellip;]<\/p>\n","protected":false},"author":1,"featured_media":83,"comment_status":"closed","ping_status":"open","sticky":false,"template":"","format":"standard","meta":{"footnotes":""},"categories":[7],"tags":[],"class_list":["post-123","post","type-post","status-publish","format-standard","has-post-thumbnail","hentry","category-bauphase"],"_links":{"self":[{"href":"http:\/\/www.goethe.klausdapp.de\/wordpress\/index.php?rest_route=\/wp\/v2\/posts\/123","targetHints":{"allow":["GET"]}}],"collection":[{"href":"http:\/\/www.goethe.klausdapp.de\/wordpress\/index.php?rest_route=\/wp\/v2\/posts"}],"about":[{"href":"http:\/\/www.goethe.klausdapp.de\/wordpress\/index.php?rest_route=\/wp\/v2\/types\/post"}],"author":[{"embeddable":true,"href":"http:\/\/www.goethe.klausdapp.de\/wordpress\/index.php?rest_route=\/wp\/v2\/users\/1"}],"replies":[{"embeddable":true,"href":"http:\/\/www.goethe.klausdapp.de\/wordpress\/index.php?rest_route=%2Fwp%2Fv2%2Fcomments&post=123"}],"version-history":[{"count":1,"href":"http:\/\/www.goethe.klausdapp.de\/wordpress\/index.php?rest_route=\/wp\/v2\/posts\/123\/revisions"}],"predecessor-version":[{"id":124,"href":"http:\/\/www.goethe.klausdapp.de\/wordpress\/index.php?rest_route=\/wp\/v2\/posts\/123\/revisions\/124"}],"wp:featuredmedia":[{"embeddable":true,"href":"http:\/\/www.goethe.klausdapp.de\/wordpress\/index.php?rest_route=\/wp\/v2\/media\/83"}],"wp:attachment":[{"href":"http:\/\/www.goethe.klausdapp.de\/wordpress\/index.php?rest_route=%2Fwp%2Fv2%2Fmedia&parent=123"}],"wp:term":[{"taxonomy":"category","embeddable":true,"href":"http:\/\/www.goethe.klausdapp.de\/wordpress\/index.php?rest_route=%2Fwp%2Fv2%2Fcategories&post=123"},{"taxonomy":"post_tag","embeddable":true,"href":"http:\/\/www.goethe.klausdapp.de\/wordpress\/index.php?rest_route=%2Fwp%2Fv2%2Ftags&post=123"}],"curies":[{"name":"wp","href":"https:\/\/api.w.org\/{rel}","templated":true}]}}