{"id":121,"date":"2004-09-02T21:26:51","date_gmt":"2004-09-02T19:26:51","guid":{"rendered":"http:\/\/www.goethe.klausdapp.de\/wordpress\/?p=121"},"modified":"2015-01-26T21:28:44","modified_gmt":"2015-01-26T19:28:44","slug":"der-kran-ist-weg","status":"publish","type":"post","link":"http:\/\/www.goethe.klausdapp.de\/wordpress\/?p=121","title":{"rendered":"Der Kran ist weg"},"content":{"rendered":"<p>Mit dem Abbau und Abtransport des Krans am 1. September wurde die n\u00e4chste Bauphase eingeleitet. F\u00fcr die weiteren Arbeiten wurde der Rohbau einger\u00fcstet.<\/p>\n","protected":false},"excerpt":{"rendered":"<p>Mit dem Abbau und Abtransport des Krans am 1. September wurde die n\u00e4chste Bauphase eingeleitet. F\u00fcr die weiteren Arbeiten wurde der Rohbau einger\u00fcstet.<\/p>\n","protected":false},"author":1,"featured_media":79,"comment_status":"closed","ping_status":"open","sticky":false,"template":"","format":"standard","meta":{"footnotes":""},"categories":[7],"tags":[],"class_list":["post-121","post","type-post","status-publish","format-standard","has-post-thumbnail","hentry","category-bauphase"],"_links":{"self":[{"href":"http:\/\/www.goethe.klausdapp.de\/wordpress\/index.php?rest_route=\/wp\/v2\/posts\/121","targetHints":{"allow":["GET"]}}],"collection":[{"href":"http:\/\/www.goethe.klausdapp.de\/wordpress\/index.php?rest_route=\/wp\/v2\/posts"}],"about":[{"href":"http:\/\/www.goethe.klausdapp.de\/wordpress\/index.php?rest_route=\/wp\/v2\/types\/post"}],"author":[{"embeddable":true,"href":"http:\/\/www.goethe.klausdapp.de\/wordpress\/index.php?rest_route=\/wp\/v2\/users\/1"}],"replies":[{"embeddable":true,"href":"http:\/\/www.goethe.klausdapp.de\/wordpress\/index.php?rest_route=%2Fwp%2Fv2%2Fcomments&post=121"}],"version-history":[{"count":1,"href":"http:\/\/www.goethe.klausdapp.de\/wordpress\/index.php?rest_route=\/wp\/v2\/posts\/121\/revisions"}],"predecessor-version":[{"id":122,"href":"http:\/\/www.goethe.klausdapp.de\/wordpress\/index.php?rest_route=\/wp\/v2\/posts\/121\/revisions\/122"}],"wp:featuredmedia":[{"embeddable":true,"href":"http:\/\/www.goethe.klausdapp.de\/wordpress\/index.php?rest_route=\/wp\/v2\/media\/79"}],"wp:attachment":[{"href":"http:\/\/www.goethe.klausdapp.de\/wordpress\/index.php?rest_route=%2Fwp%2Fv2%2Fmedia&parent=121"}],"wp:term":[{"taxonomy":"category","embeddable":true,"href":"http:\/\/www.goethe.klausdapp.de\/wordpress\/index.php?rest_route=%2Fwp%2Fv2%2Fcategories&post=121"},{"taxonomy":"post_tag","embeddable":true,"href":"http:\/\/www.goethe.klausdapp.de\/wordpress\/index.php?rest_route=%2Fwp%2Fv2%2Ftags&post=121"}],"curies":[{"name":"wp","href":"https:\/\/api.w.org\/{rel}","templated":true}]}}