{"id":101,"date":"2004-07-18T20:51:51","date_gmt":"2004-07-18T18:51:51","guid":{"rendered":"http:\/\/www.goethe.klausdapp.de\/wordpress\/?p=101"},"modified":"2015-01-26T21:19:54","modified_gmt":"2015-01-26T19:19:54","slug":"101","status":"publish","type":"post","link":"http:\/\/www.goethe.klausdapp.de\/wordpress\/?p=101","title":{"rendered":"Meine Wohnung wird gebaut"},"content":{"rendered":"<p>In nur zwei Wochen wurde das zweite Obergeschoss fertiggestellt. Zus\u00e4tzlich wurde f\u00fcr die Auflagerung der Decke im Bereich der Dachterrasse ein Betonanker gegossen. Da sich die auf der Ost-, S\u00fcd- und Westseite umlaufende Terrasse bei Besonnung st\u00e4rker ausdehnt als die darunter liegenden Geschosse, muss sie als Gleitlager ausgef\u00fchrt werden. So habe ich das zumindest mal lernen m\u00fcssen &#8230; und f\u00fcr irgend etwas m\u00fcssen diese Vorlesungen doch auch gut gewesen sein.<\/p>\n<p>Damit begannen die Arbeiten an meiner Wohnung &#8230; und ich schaute noch ein wenig \u00f6fter vorbei. Dank der langen Tage, war das schon fast ein Feierabendritual.<\/p>\n<p>Die beiden unteren Bilder zeigen die Bewehrung f\u00fcr meine S\u00fcdwand (linkes Bild, 21. Juli 2004). Da diese wegen des zur\u00fcckgesetzen Geschosses ohne St\u00fctze \u00fcber dem darunter liegenden Wohnzimmer gebaut wird, musste ein ziemlich massiver Unterzug eingebaut werden. Das ist auch der Grund daf\u00fcr, warum ich nicht niveaugleich auf die Dachterrasse gehen kann.<\/p>\n<p>Am 23. Juli 2004 war die Decke bereits betoniert und mit einer Folie gegen zu schnelles Austrocknen gesch\u00fctzt.<\/p>\n<p><a href=\"http:\/\/www.goethe.klausdapp.de\/wordpress\/wp-content\/uploads\/2015\/01\/GS-V72-Juli2004-Decke2OG.jpg\"><img loading=\"lazy\" decoding=\"async\" class=\"alignnone size-medium wp-image-88\" src=\"http:\/\/www.goethe.klausdapp.de\/wordpress\/wp-content\/uploads\/2015\/01\/GS-V72-Juli2004-Decke2OG-300x225.jpg\" alt=\"GS-V72-Juli2004-Decke2OG\" width=\"300\" height=\"225\" srcset=\"http:\/\/www.goethe.klausdapp.de\/wordpress\/wp-content\/uploads\/2015\/01\/GS-V72-Juli2004-Decke2OG-300x225.jpg 300w, http:\/\/www.goethe.klausdapp.de\/wordpress\/wp-content\/uploads\/2015\/01\/GS-V72-Juli2004-Decke2OG.jpg 591w\" sizes=\"auto, (max-width: 300px) 100vw, 300px\" \/><\/a> <a href=\"http:\/\/www.goethe.klausdapp.de\/wordpress\/wp-content\/uploads\/2015\/01\/GS-V73-Juli2004-Decke2OG2.jpg\"><img loading=\"lazy\" decoding=\"async\" class=\"alignnone size-medium wp-image-89\" src=\"http:\/\/www.goethe.klausdapp.de\/wordpress\/wp-content\/uploads\/2015\/01\/GS-V73-Juli2004-Decke2OG2-300x225.jpg\" alt=\"GS-V73-Juli2004-Decke2OG2\" width=\"300\" height=\"225\" srcset=\"http:\/\/www.goethe.klausdapp.de\/wordpress\/wp-content\/uploads\/2015\/01\/GS-V73-Juli2004-Decke2OG2-300x225.jpg 300w, http:\/\/www.goethe.klausdapp.de\/wordpress\/wp-content\/uploads\/2015\/01\/GS-V73-Juli2004-Decke2OG2.jpg 591w\" sizes=\"auto, (max-width: 300px) 100vw, 300px\" \/><\/a><\/p>\n","protected":false},"excerpt":{"rendered":"<p>In nur zwei Wochen wurde das zweite Obergeschoss fertiggestellt. Zus\u00e4tzlich wurde f\u00fcr die Auflagerung der Decke im Bereich der Dachterrasse ein Betonanker gegossen. Da sich die auf der Ost-, S\u00fcd- und Westseite umlaufende Terrasse bei Besonnung st\u00e4rker ausdehnt als die darunter liegenden Geschosse, muss sie als Gleitlager ausgef\u00fchrt werden. So habe ich das zumindest mal [&hellip;]<\/p>\n","protected":false},"author":1,"featured_media":87,"comment_status":"closed","ping_status":"open","sticky":false,"template":"","format":"standard","meta":{"footnotes":""},"categories":[7],"tags":[],"class_list":["post-101","post","type-post","status-publish","format-standard","has-post-thumbnail","hentry","category-bauphase"],"_links":{"self":[{"href":"http:\/\/www.goethe.klausdapp.de\/wordpress\/index.php?rest_route=\/wp\/v2\/posts\/101","targetHints":{"allow":["GET"]}}],"collection":[{"href":"http:\/\/www.goethe.klausdapp.de\/wordpress\/index.php?rest_route=\/wp\/v2\/posts"}],"about":[{"href":"http:\/\/www.goethe.klausdapp.de\/wordpress\/index.php?rest_route=\/wp\/v2\/types\/post"}],"author":[{"embeddable":true,"href":"http:\/\/www.goethe.klausdapp.de\/wordpress\/index.php?rest_route=\/wp\/v2\/users\/1"}],"replies":[{"embeddable":true,"href":"http:\/\/www.goethe.klausdapp.de\/wordpress\/index.php?rest_route=%2Fwp%2Fv2%2Fcomments&post=101"}],"version-history":[{"count":5,"href":"http:\/\/www.goethe.klausdapp.de\/wordpress\/index.php?rest_route=\/wp\/v2\/posts\/101\/revisions"}],"predecessor-version":[{"id":118,"href":"http:\/\/www.goethe.klausdapp.de\/wordpress\/index.php?rest_route=\/wp\/v2\/posts\/101\/revisions\/118"}],"wp:featuredmedia":[{"embeddable":true,"href":"http:\/\/www.goethe.klausdapp.de\/wordpress\/index.php?rest_route=\/wp\/v2\/media\/87"}],"wp:attachment":[{"href":"http:\/\/www.goethe.klausdapp.de\/wordpress\/index.php?rest_route=%2Fwp%2Fv2%2Fmedia&parent=101"}],"wp:term":[{"taxonomy":"category","embeddable":true,"href":"http:\/\/www.goethe.klausdapp.de\/wordpress\/index.php?rest_route=%2Fwp%2Fv2%2Fcategories&post=101"},{"taxonomy":"post_tag","embeddable":true,"href":"http:\/\/www.goethe.klausdapp.de\/wordpress\/index.php?rest_route=%2Fwp%2Fv2%2Ftags&post=101"}],"curies":[{"name":"wp","href":"https:\/\/api.w.org\/{rel}","templated":true}]}}